{"id":176,"date":"2022-06-04T03:10:10","date_gmt":"2022-06-04T03:10:10","guid":{"rendered":"http:\/\/source.wpopal.com\/kitchor\/how-to-choose-a-paint-color-for-your-walls-when-remodeling\/"},"modified":"2025-06-10T10:50:20","modified_gmt":"2025-06-10T10:50:20","slug":"how-to-choose-a-paint-color-for-your-walls-when-remodeling","status":"publish","type":"post","link":"https:\/\/archi-t-design.com\/en\/how-to-choose-a-paint-color-for-your-walls-when-remodeling\/","title":{"rendered":"Am\u00e9nagement int\u00e9rieur : comment allier esth\u00e9tique et fonctionnalit\u00e9 ?"},"content":{"rendered":"<p data-start=\"3067\" data-end=\"3240\">Un bon am\u00e9nagement int\u00e9rieur ne se limite pas \u00e0 l\u2019esth\u00e9tique. Il doit r\u00e9pondre \u00e0 vos besoins quotidiens, \u00e0 votre style de vie, et \u00e0 l\u2019usage que vous faites de chaque espace.<\/p>\n<p data-start=\"3067\" data-end=\"3240\">Voici les grands principes que nous appliquons dans nos projets :<\/p>\n<h5 data-start=\"3309\" data-end=\"3348\">1. Comprendre votre rythme de vie<\/h5>\n<p data-start=\"3349\" data-end=\"3539\">Travaillez-vous souvent \u00e0 la maison ? Recevez-vous beaucoup d\u2019invit\u00e9s ? Avez-vous besoin d\u2019un espace calme pour les enfants ? Vos habitudes sont le point de d\u00e9part d\u2019un int\u00e9rieur bien pens\u00e9.<\/p>\n<h5 data-start=\"3541\" data-end=\"3578\">2. Optimiser chaque m\u00e8tre carr\u00e9<\/h5>\n<p data-start=\"3579\" data-end=\"3709\">Un petit espace peut devenir tr\u00e8s fonctionnel avec les bons rangements int\u00e9gr\u00e9s, des meubles modulables et une circulation fluide.<\/p>\n<h5 data-start=\"3711\" data-end=\"3741\">3. Travailler la lumi\u00e8re<\/h5>\n<p data-start=\"3742\" data-end=\"3921\">L\u2019\u00e9clairage naturel et artificiel joue un r\u00f4le cl\u00e9 dans l\u2019ambiance et le confort. Nous favorisons les ouvertures bien plac\u00e9es et l\u2019utilisation de mat\u00e9riaux qui captent la lumi\u00e8re.<\/p>\n<h5 data-start=\"3923\" data-end=\"3972\">4. Harmoniser les mat\u00e9riaux et les couleurs<\/h5>\n<p data-start=\"3973\" data-end=\"4116\">Le choix des textures et des teintes cr\u00e9e une atmosph\u00e8re unique. Nous vous aidons \u00e0 trouver l\u2019\u00e9quilibre entre modernit\u00e9, chaleur et simplicit\u00e9.<\/p>\n<p data-start=\"4118\" data-end=\"4226\">Un int\u00e9rieur bien am\u00e9nag\u00e9 est un lieu qui vous ressemble et dans lequel vous vous sentez bien, au quotidien.<\/p>","protected":false},"excerpt":{"rendered":"<p>Un bon am\u00e9nagement int\u00e9rieur ne se limite pas \u00e0 l\u2019esth\u00e9tique. Il doit r\u00e9pondre \u00e0 vos besoins quotidiens, \u00e0 votre style de vie, et \u00e0 l\u2019usage que vous faites de chaque espace. Voici les grands principes que nous appliquons dans nos projets : 1. Comprendre votre rythme de vie Travaillez-vous souvent \u00e0 la maison ? Recevez-vous [&hellip;]<\/p>","protected":false},"author":1,"featured_media":16193,"comment_status":"open","ping_status":"open","sticky":false,"template":"","format":"standard","meta":{"inline_featured_image":false,"footnotes":""},"categories":[79],"tags":[],"class_list":["post-176","post","type-post","status-publish","format-standard","has-post-thumbnail","hentry","category-design-interieur"],"yoast_head":"<!-- This site is optimized with the Yoast SEO plugin v27.4 - https:\/\/yoast.com\/product\/yoast-seo-wordpress\/ -->\n<title>Am\u00e9nagement int\u00e9rieur : comment allier esth\u00e9tique et fonctionnalit\u00e9 ? - Archi-T-Design<\/title>\n<meta name=\"robots\" content=\"index, follow, max-snippet:-1, max-image-preview:large, max-video-preview:-1\" \/>\n<link rel=\"canonical\" href=\"https:\/\/archi-t-design.com\/en\/how-to-choose-a-paint-color-for-your-walls-when-remodeling\/\" \/>\n<meta property=\"og:locale\" content=\"en_US\" \/>\n<meta property=\"og:type\" content=\"article\" \/>\n<meta property=\"og:title\" content=\"Am\u00e9nagement int\u00e9rieur : comment allier esth\u00e9tique et fonctionnalit\u00e9 ? - Archi-T-Design\" \/>\n<meta property=\"og:description\" content=\"Un bon am\u00e9nagement int\u00e9rieur ne se limite pas \u00e0 l\u2019esth\u00e9tique. Il doit r\u00e9pondre \u00e0 vos besoins quotidiens, \u00e0 votre style de vie, et \u00e0 l\u2019usage que vous faites de chaque espace. Voici les grands principes que nous appliquons dans nos projets : 1. Comprendre votre rythme de vie Travaillez-vous souvent \u00e0 la maison ? Recevez-vous [&hellip;]\" \/>\n<meta property=\"og:url\" content=\"https:\/\/archi-t-design.com\/en\/how-to-choose-a-paint-color-for-your-walls-when-remodeling\/\" \/>\n<meta property=\"og:site_name\" content=\"Archi-T-Design\" \/>\n<meta property=\"article:publisher\" content=\"https:\/\/www.facebook.com\/share\/1Gi7LDwdM6\/\" \/>\n<meta property=\"article:published_time\" content=\"2022-06-04T03:10:10+00:00\" \/>\n<meta property=\"article:modified_time\" content=\"2025-06-10T10:50:20+00:00\" \/>\n<meta property=\"og:image\" content=\"https:\/\/archi-t-design.com\/wp-content\/uploads\/2022\/06\/488572424_1208596874609255_2116048051897670317_n.jpg\" \/>\n\t<meta property=\"og:image:width\" content=\"864\" \/>\n\t<meta property=\"og:image:height\" content=\"490\" \/>\n\t<meta property=\"og:image:type\" content=\"image\/jpeg\" \/>\n<meta name=\"author\" content=\"sheroshero237@gmail.com\" \/>\n<meta name=\"twitter:card\" content=\"summary_large_image\" \/>\n<meta name=\"twitter:label1\" content=\"Written by\" \/>\n\t<meta name=\"twitter:data1\" content=\"sheroshero237@gmail.com\" \/>\n\t<meta name=\"twitter:label2\" content=\"Est. reading time\" \/>\n\t<meta name=\"twitter:data2\" content=\"1 minute\" \/>\n<script type=\"application\/ld+json\" class=\"yoast-schema-graph\">{\"@context\":\"https:\\\/\\\/schema.org\",\"@graph\":[{\"@type\":\"Article\",\"@id\":\"https:\\\/\\\/archi-t-design.com\\\/how-to-choose-a-paint-color-for-your-walls-when-remodeling\\\/#article\",\"isPartOf\":{\"@id\":\"https:\\\/\\\/archi-t-design.com\\\/how-to-choose-a-paint-color-for-your-walls-when-remodeling\\\/\"},\"author\":{\"name\":\"sheroshero237@gmail.com\",\"@id\":\"https:\\\/\\\/archi-t-design.com\\\/#\\\/schema\\\/person\\\/4f1a8e1ecfcacf2d8f6170be9f9edeb9\"},\"headline\":\"Am\u00e9nagement int\u00e9rieur : comment allier esth\u00e9tique et fonctionnalit\u00e9 ?\",\"datePublished\":\"2022-06-04T03:10:10+00:00\",\"dateModified\":\"2025-06-10T10:50:20+00:00\",\"mainEntityOfPage\":{\"@id\":\"https:\\\/\\\/archi-t-design.com\\\/how-to-choose-a-paint-color-for-your-walls-when-remodeling\\\/\"},\"wordCount\":207,\"commentCount\":0,\"publisher\":{\"@id\":\"https:\\\/\\\/archi-t-design.com\\\/#organization\"},\"image\":{\"@id\":\"https:\\\/\\\/archi-t-design.com\\\/how-to-choose-a-paint-color-for-your-walls-when-remodeling\\\/#primaryimage\"},\"thumbnailUrl\":\"https:\\\/\\\/archi-t-design.com\\\/wp-content\\\/uploads\\\/2022\\\/06\\\/488572424_1208596874609255_2116048051897670317_n.jpg\",\"articleSection\":[\"Design &amp; int\u00e9rieur\"],\"inLanguage\":\"en-US\",\"potentialAction\":[{\"@type\":\"CommentAction\",\"name\":\"Comment\",\"target\":[\"https:\\\/\\\/archi-t-design.com\\\/how-to-choose-a-paint-color-for-your-walls-when-remodeling\\\/#respond\"]}]},{\"@type\":\"WebPage\",\"@id\":\"https:\\\/\\\/archi-t-design.com\\\/how-to-choose-a-paint-color-for-your-walls-when-remodeling\\\/\",\"url\":\"https:\\\/\\\/archi-t-design.com\\\/how-to-choose-a-paint-color-for-your-walls-when-remodeling\\\/\",\"name\":\"Am\u00e9nagement int\u00e9rieur : comment allier esth\u00e9tique et fonctionnalit\u00e9 ? - Archi-T-Design\",\"isPartOf\":{\"@id\":\"https:\\\/\\\/archi-t-design.com\\\/#website\"},\"primaryImageOfPage\":{\"@id\":\"https:\\\/\\\/archi-t-design.com\\\/how-to-choose-a-paint-color-for-your-walls-when-remodeling\\\/#primaryimage\"},\"image\":{\"@id\":\"https:\\\/\\\/archi-t-design.com\\\/how-to-choose-a-paint-color-for-your-walls-when-remodeling\\\/#primaryimage\"},\"thumbnailUrl\":\"https:\\\/\\\/archi-t-design.com\\\/wp-content\\\/uploads\\\/2022\\\/06\\\/488572424_1208596874609255_2116048051897670317_n.jpg\",\"datePublished\":\"2022-06-04T03:10:10+00:00\",\"dateModified\":\"2025-06-10T10:50:20+00:00\",\"breadcrumb\":{\"@id\":\"https:\\\/\\\/archi-t-design.com\\\/how-to-choose-a-paint-color-for-your-walls-when-remodeling\\\/#breadcrumb\"},\"inLanguage\":\"en-US\",\"potentialAction\":[{\"@type\":\"ReadAction\",\"target\":[\"https:\\\/\\\/archi-t-design.com\\\/how-to-choose-a-paint-color-for-your-walls-when-remodeling\\\/\"]}]},{\"@type\":\"ImageObject\",\"inLanguage\":\"en-US\",\"@id\":\"https:\\\/\\\/archi-t-design.com\\\/how-to-choose-a-paint-color-for-your-walls-when-remodeling\\\/#primaryimage\",\"url\":\"https:\\\/\\\/archi-t-design.com\\\/wp-content\\\/uploads\\\/2022\\\/06\\\/488572424_1208596874609255_2116048051897670317_n.jpg\",\"contentUrl\":\"https:\\\/\\\/archi-t-design.com\\\/wp-content\\\/uploads\\\/2022\\\/06\\\/488572424_1208596874609255_2116048051897670317_n.jpg\",\"width\":864,\"height\":490},{\"@type\":\"BreadcrumbList\",\"@id\":\"https:\\\/\\\/archi-t-design.com\\\/how-to-choose-a-paint-color-for-your-walls-when-remodeling\\\/#breadcrumb\",\"itemListElement\":[{\"@type\":\"ListItem\",\"position\":1,\"name\":\"Accueil\",\"item\":\"https:\\\/\\\/archi-t-design.com\\\/\"},{\"@type\":\"ListItem\",\"position\":2,\"name\":\"Am\u00e9nagement int\u00e9rieur : comment allier esth\u00e9tique et fonctionnalit\u00e9 ?\"}]},{\"@type\":\"WebSite\",\"@id\":\"https:\\\/\\\/archi-t-design.com\\\/#website\",\"url\":\"https:\\\/\\\/archi-t-design.com\\\/\",\"name\":\"Archi-T-Design\",\"description\":\"Our ideal, make your dreams come true\",\"publisher\":{\"@id\":\"https:\\\/\\\/archi-t-design.com\\\/#organization\"},\"potentialAction\":[{\"@type\":\"SearchAction\",\"target\":{\"@type\":\"EntryPoint\",\"urlTemplate\":\"https:\\\/\\\/archi-t-design.com\\\/?s={search_term_string}\"},\"query-input\":{\"@type\":\"PropertyValueSpecification\",\"valueRequired\":true,\"valueName\":\"search_term_string\"}}],\"inLanguage\":\"en-US\"},{\"@type\":\"Organization\",\"@id\":\"https:\\\/\\\/archi-t-design.com\\\/#organization\",\"name\":\"Archi-T-Design\",\"url\":\"https:\\\/\\\/archi-t-design.com\\\/\",\"logo\":{\"@type\":\"ImageObject\",\"inLanguage\":\"en-US\",\"@id\":\"https:\\\/\\\/archi-t-design.com\\\/#\\\/schema\\\/logo\\\/image\\\/\",\"url\":\"https:\\\/\\\/archi-t-design.com\\\/wp-content\\\/uploads\\\/2025\\\/06\\\/Logo-archi-T-design.png\",\"contentUrl\":\"https:\\\/\\\/archi-t-design.com\\\/wp-content\\\/uploads\\\/2025\\\/06\\\/Logo-archi-T-design.png\",\"width\":610,\"height\":222,\"caption\":\"Archi-T-Design\"},\"image\":{\"@id\":\"https:\\\/\\\/archi-t-design.com\\\/#\\\/schema\\\/logo\\\/image\\\/\"},\"sameAs\":[\"https:\\\/\\\/www.facebook.com\\\/share\\\/1Gi7LDwdM6\\\/\"]},{\"@type\":\"Person\",\"@id\":\"https:\\\/\\\/archi-t-design.com\\\/#\\\/schema\\\/person\\\/4f1a8e1ecfcacf2d8f6170be9f9edeb9\",\"name\":\"sheroshero237@gmail.com\",\"image\":{\"@type\":\"ImageObject\",\"inLanguage\":\"en-US\",\"@id\":\"https:\\\/\\\/secure.gravatar.com\\\/avatar\\\/1dea0f0f8d1ff2a7b556daa0edf61b1f3ded7f504382ece99b8735c32411b564?s=96&d=mm&r=g\",\"url\":\"https:\\\/\\\/secure.gravatar.com\\\/avatar\\\/1dea0f0f8d1ff2a7b556daa0edf61b1f3ded7f504382ece99b8735c32411b564?s=96&d=mm&r=g\",\"contentUrl\":\"https:\\\/\\\/secure.gravatar.com\\\/avatar\\\/1dea0f0f8d1ff2a7b556daa0edf61b1f3ded7f504382ece99b8735c32411b564?s=96&d=mm&r=g\",\"caption\":\"sheroshero237@gmail.com\"},\"sameAs\":[\"https:\\\/\\\/archi-t-design.com\"],\"url\":\"https:\\\/\\\/archi-t-design.com\\\/en\\\/author\\\/sheroshero237gmail-com\\\/\"}]}<\/script>\n<!-- \/ Yoast SEO plugin. -->","yoast_head_json":{"title":"Am\u00e9nagement int\u00e9rieur : comment allier esth\u00e9tique et fonctionnalit\u00e9 ? - Archi-T-Design","robots":{"index":"index","follow":"follow","max-snippet":"max-snippet:-1","max-image-preview":"max-image-preview:large","max-video-preview":"max-video-preview:-1"},"canonical":"https:\/\/archi-t-design.com\/en\/how-to-choose-a-paint-color-for-your-walls-when-remodeling\/","og_locale":"en_US","og_type":"article","og_title":"Am\u00e9nagement int\u00e9rieur : comment allier esth\u00e9tique et fonctionnalit\u00e9 ? - Archi-T-Design","og_description":"Un bon am\u00e9nagement int\u00e9rieur ne se limite pas \u00e0 l\u2019esth\u00e9tique. Il doit r\u00e9pondre \u00e0 vos besoins quotidiens, \u00e0 votre style de vie, et \u00e0 l\u2019usage que vous faites de chaque espace. Voici les grands principes que nous appliquons dans nos projets : 1. Comprendre votre rythme de vie Travaillez-vous souvent \u00e0 la maison ? Recevez-vous [&hellip;]","og_url":"https:\/\/archi-t-design.com\/en\/how-to-choose-a-paint-color-for-your-walls-when-remodeling\/","og_site_name":"Archi-T-Design","article_publisher":"https:\/\/www.facebook.com\/share\/1Gi7LDwdM6\/","article_published_time":"2022-06-04T03:10:10+00:00","article_modified_time":"2025-06-10T10:50:20+00:00","og_image":[{"width":864,"height":490,"url":"https:\/\/archi-t-design.com\/wp-content\/uploads\/2022\/06\/488572424_1208596874609255_2116048051897670317_n.jpg","type":"image\/jpeg"}],"author":"sheroshero237@gmail.com","twitter_card":"summary_large_image","twitter_misc":{"Written by":"sheroshero237@gmail.com","Est. reading time":"1 minute"},"schema":{"@context":"https:\/\/schema.org","@graph":[{"@type":"Article","@id":"https:\/\/archi-t-design.com\/how-to-choose-a-paint-color-for-your-walls-when-remodeling\/#article","isPartOf":{"@id":"https:\/\/archi-t-design.com\/how-to-choose-a-paint-color-for-your-walls-when-remodeling\/"},"author":{"name":"sheroshero237@gmail.com","@id":"https:\/\/archi-t-design.com\/#\/schema\/person\/4f1a8e1ecfcacf2d8f6170be9f9edeb9"},"headline":"Am\u00e9nagement int\u00e9rieur : comment allier esth\u00e9tique et fonctionnalit\u00e9 ?","datePublished":"2022-06-04T03:10:10+00:00","dateModified":"2025-06-10T10:50:20+00:00","mainEntityOfPage":{"@id":"https:\/\/archi-t-design.com\/how-to-choose-a-paint-color-for-your-walls-when-remodeling\/"},"wordCount":207,"commentCount":0,"publisher":{"@id":"https:\/\/archi-t-design.com\/#organization"},"image":{"@id":"https:\/\/archi-t-design.com\/how-to-choose-a-paint-color-for-your-walls-when-remodeling\/#primaryimage"},"thumbnailUrl":"https:\/\/archi-t-design.com\/wp-content\/uploads\/2022\/06\/488572424_1208596874609255_2116048051897670317_n.jpg","articleSection":["Design &amp; int\u00e9rieur"],"inLanguage":"en-US","potentialAction":[{"@type":"CommentAction","name":"Comment","target":["https:\/\/archi-t-design.com\/how-to-choose-a-paint-color-for-your-walls-when-remodeling\/#respond"]}]},{"@type":"WebPage","@id":"https:\/\/archi-t-design.com\/how-to-choose-a-paint-color-for-your-walls-when-remodeling\/","url":"https:\/\/archi-t-design.com\/how-to-choose-a-paint-color-for-your-walls-when-remodeling\/","name":"Am\u00e9nagement int\u00e9rieur : comment allier esth\u00e9tique et fonctionnalit\u00e9 ? - Archi-T-Design","isPartOf":{"@id":"https:\/\/archi-t-design.com\/#website"},"primaryImageOfPage":{"@id":"https:\/\/archi-t-design.com\/how-to-choose-a-paint-color-for-your-walls-when-remodeling\/#primaryimage"},"image":{"@id":"https:\/\/archi-t-design.com\/how-to-choose-a-paint-color-for-your-walls-when-remodeling\/#primaryimage"},"thumbnailUrl":"https:\/\/archi-t-design.com\/wp-content\/uploads\/2022\/06\/488572424_1208596874609255_2116048051897670317_n.jpg","datePublished":"2022-06-04T03:10:10+00:00","dateModified":"2025-06-10T10:50:20+00:00","breadcrumb":{"@id":"https:\/\/archi-t-design.com\/how-to-choose-a-paint-color-for-your-walls-when-remodeling\/#breadcrumb"},"inLanguage":"en-US","potentialAction":[{"@type":"ReadAction","target":["https:\/\/archi-t-design.com\/how-to-choose-a-paint-color-for-your-walls-when-remodeling\/"]}]},{"@type":"ImageObject","inLanguage":"en-US","@id":"https:\/\/archi-t-design.com\/how-to-choose-a-paint-color-for-your-walls-when-remodeling\/#primaryimage","url":"https:\/\/archi-t-design.com\/wp-content\/uploads\/2022\/06\/488572424_1208596874609255_2116048051897670317_n.jpg","contentUrl":"https:\/\/archi-t-design.com\/wp-content\/uploads\/2022\/06\/488572424_1208596874609255_2116048051897670317_n.jpg","width":864,"height":490},{"@type":"BreadcrumbList","@id":"https:\/\/archi-t-design.com\/how-to-choose-a-paint-color-for-your-walls-when-remodeling\/#breadcrumb","itemListElement":[{"@type":"ListItem","position":1,"name":"Accueil","item":"https:\/\/archi-t-design.com\/"},{"@type":"ListItem","position":2,"name":"Am\u00e9nagement int\u00e9rieur : comment allier esth\u00e9tique et fonctionnalit\u00e9 ?"}]},{"@type":"WebSite","@id":"https:\/\/archi-t-design.com\/#website","url":"https:\/\/archi-t-design.com\/","name":"Archi-T-Design","description":"Our ideal, make your dreams come true","publisher":{"@id":"https:\/\/archi-t-design.com\/#organization"},"potentialAction":[{"@type":"SearchAction","target":{"@type":"EntryPoint","urlTemplate":"https:\/\/archi-t-design.com\/?s={search_term_string}"},"query-input":{"@type":"PropertyValueSpecification","valueRequired":true,"valueName":"search_term_string"}}],"inLanguage":"en-US"},{"@type":"Organization","@id":"https:\/\/archi-t-design.com\/#organization","name":"Archi-T-Design","url":"https:\/\/archi-t-design.com\/","logo":{"@type":"ImageObject","inLanguage":"en-US","@id":"https:\/\/archi-t-design.com\/#\/schema\/logo\/image\/","url":"https:\/\/archi-t-design.com\/wp-content\/uploads\/2025\/06\/Logo-archi-T-design.png","contentUrl":"https:\/\/archi-t-design.com\/wp-content\/uploads\/2025\/06\/Logo-archi-T-design.png","width":610,"height":222,"caption":"Archi-T-Design"},"image":{"@id":"https:\/\/archi-t-design.com\/#\/schema\/logo\/image\/"},"sameAs":["https:\/\/www.facebook.com\/share\/1Gi7LDwdM6\/"]},{"@type":"Person","@id":"https:\/\/archi-t-design.com\/#\/schema\/person\/4f1a8e1ecfcacf2d8f6170be9f9edeb9","name":"sheroshero237@gmail.com","image":{"@type":"ImageObject","inLanguage":"en-US","@id":"https:\/\/secure.gravatar.com\/avatar\/1dea0f0f8d1ff2a7b556daa0edf61b1f3ded7f504382ece99b8735c32411b564?s=96&d=mm&r=g","url":"https:\/\/secure.gravatar.com\/avatar\/1dea0f0f8d1ff2a7b556daa0edf61b1f3ded7f504382ece99b8735c32411b564?s=96&d=mm&r=g","contentUrl":"https:\/\/secure.gravatar.com\/avatar\/1dea0f0f8d1ff2a7b556daa0edf61b1f3ded7f504382ece99b8735c32411b564?s=96&d=mm&r=g","caption":"sheroshero237@gmail.com"},"sameAs":["https:\/\/archi-t-design.com"],"url":"https:\/\/archi-t-design.com\/en\/author\/sheroshero237gmail-com\/"}]}},"_links":{"self":[{"href":"https:\/\/archi-t-design.com\/en\/wp-json\/wp\/v2\/posts\/176","targetHints":{"allow":["GET"]}}],"collection":[{"href":"https:\/\/archi-t-design.com\/en\/wp-json\/wp\/v2\/posts"}],"about":[{"href":"https:\/\/archi-t-design.com\/en\/wp-json\/wp\/v2\/types\/post"}],"author":[{"embeddable":true,"href":"https:\/\/archi-t-design.com\/en\/wp-json\/wp\/v2\/users\/1"}],"replies":[{"embeddable":true,"href":"https:\/\/archi-t-design.com\/en\/wp-json\/wp\/v2\/comments?post=176"}],"version-history":[{"count":3,"href":"https:\/\/archi-t-design.com\/en\/wp-json\/wp\/v2\/posts\/176\/revisions"}],"predecessor-version":[{"id":15962,"href":"https:\/\/archi-t-design.com\/en\/wp-json\/wp\/v2\/posts\/176\/revisions\/15962"}],"wp:featuredmedia":[{"embeddable":true,"href":"https:\/\/archi-t-design.com\/en\/wp-json\/wp\/v2\/media\/16193"}],"wp:attachment":[{"href":"https:\/\/archi-t-design.com\/en\/wp-json\/wp\/v2\/media?parent=176"}],"wp:term":[{"taxonomy":"category","embeddable":true,"href":"https:\/\/archi-t-design.com\/en\/wp-json\/wp\/v2\/categories?post=176"},{"taxonomy":"post_tag","embeddable":true,"href":"https:\/\/archi-t-design.com\/en\/wp-json\/wp\/v2\/tags?post=176"}],"curies":[{"name":"wp","href":"https:\/\/api.w.org\/{rel}","templated":true}]}}